{"id":7007,"date":"2023-02-17T17:30:00","date_gmt":"2023-02-17T16:30:00","guid":{"rendered":"https:\/\/larzacexploceladon.fr\/?p=7007"},"modified":"2023-02-17T18:55:25","modified_gmt":"2023-02-17T17:55:25","slug":"la-vis-et-la-lergue-reliees-par-les-eaux-souterraines","status":"publish","type":"post","link":"https:\/\/larzacexploceladon.fr\/index.php\/2023\/02\/17\/la-vis-et-la-lergue-reliees-par-les-eaux-souterraines\/","title":{"rendered":"LA VIS et LA LERGUE reli\u00e9es par les eaux souterraines\u00a0!"},"content":{"rendered":"\n<p class=\"has-text-align-left\"><strong><em>L\u2019aven du Cochon est un \u00ab\u00a0agent double&nbsp;!\u00a0\u00bb<\/em><\/strong><\/p>\n\n\n<div class=\"wp-block-image\">\n<figure class=\"alignleft size-large is-resized\"><a href=\"https:\/\/larzacexploceladon.fr\/wp-content\/uploads\/2023\/02\/reseau-74.jpg\"><img loading=\"lazy\" decoding=\"async\" src=\"https:\/\/larzacexploceladon.fr\/wp-content\/uploads\/2023\/02\/reseau-74-1024x682.jpg\" alt=\"\" class=\"wp-image-7010\" width=\"483\" height=\"322\" srcset=\"https:\/\/larzacexploceladon.fr\/wp-content\/uploads\/2023\/02\/reseau-74-1024x682.jpg 1024w, https:\/\/larzacexploceladon.fr\/wp-content\/uploads\/2023\/02\/reseau-74-300x200.jpg 300w, https:\/\/larzacexploceladon.fr\/wp-content\/uploads\/2023\/02\/reseau-74-768x512.jpg 768w, https:\/\/larzacexploceladon.fr\/wp-content\/uploads\/2023\/02\/reseau-74-405x270.jpg 405w, https:\/\/larzacexploceladon.fr\/wp-content\/uploads\/2023\/02\/reseau-74.jpg 1040w\" sizes=\"auto, (max-width: 483px) 100vw, 483px\" \/><\/a><figcaption class=\"wp-element-caption\"><strong><em>Le r\u00e9seau 74 de l&rsquo;aven du Cochon &#8211; cr\u00e9dit : Bernard Galibert<\/em><\/strong><\/figcaption><\/figure>\n<\/div>\n\n\n<p>C&rsquo;est un nouveau rebondissement dans l\u2019enqu\u00eate sur <strong>l&rsquo;aven du Cochon <\/strong>qui vient de se d\u00e9rouler en ce d\u00e9but d\u2019ann\u00e9e 2023. Cette cavit\u00e9 fait \u00e0 nouveau parler d&rsquo;elle et nous am\u00e8ne sur  une particularit\u00e9 g\u00e9ologique sans pr\u00e9c\u00e9dent sous le Larzac M\u00e9ridional. Une le\u00e7on d\u2019hydrog\u00e9ologie qui fini d\u2019enterrer tous les sceptiques et les mauvaises langues&nbsp;! L\u2019enqu\u00eate continue et la vision du territoire change&#8230;<\/p>\n\n\n<div class=\"wp-block-image\">\n<figure class=\"alignright size-large is-resized\"><a href=\"https:\/\/larzacexploceladon.fr\/wp-content\/uploads\/2023\/02\/Boite-aux-lettres.jpg\"><img loading=\"lazy\" decoding=\"async\" src=\"https:\/\/larzacexploceladon.fr\/wp-content\/uploads\/2023\/02\/Boite-aux-lettres-682x1024.jpg\" alt=\"\" class=\"wp-image-7011\" width=\"281\" height=\"422\" srcset=\"https:\/\/larzacexploceladon.fr\/wp-content\/uploads\/2023\/02\/Boite-aux-lettres-682x1024.jpg 682w, https:\/\/larzacexploceladon.fr\/wp-content\/uploads\/2023\/02\/Boite-aux-lettres-200x300.jpg 200w, https:\/\/larzacexploceladon.fr\/wp-content\/uploads\/2023\/02\/Boite-aux-lettres-180x270.jpg 180w, https:\/\/larzacexploceladon.fr\/wp-content\/uploads\/2023\/02\/Boite-aux-lettres.jpg 693w\" sizes=\"auto, (max-width: 281px) 100vw, 281px\" \/><\/a><figcaption class=\"wp-element-caption\"><strong><em>La salle de la bo\u00eete aux lettres &#8211; cr\u00e9dit : B.Galibert<\/em><\/strong><\/figcaption><\/figure>\n<\/div>\n\n\n<p>Souvenez-vous, en <strong>mars 2022<\/strong> nous d\u00e9voilions les r\u00e9sultats in\u00e9dits du tra\u00e7age des eaux <a rel=\"noreferrer noopener\" href=\"https:\/\/larzacexploceladon.fr\/index.php\/2022\/05\/06\/laven-du-cochon-est-une-cavite-viscieuse-les-premiers-resultats-du-tracage\/\" target=\"_blank\">(lire notre article \u00ab\u00a0l&rsquo;aven du Cochon est une cavit\u00e9 Viscieuse\u00a0\u00bb)<\/a> de cette \u00ab <em>classique<\/em>&nbsp;\u00bb situ\u00e9e \u00e0 <strong>St Pierre de la Fage<\/strong> et qui ne suscite gu\u00e8re d\u2019int\u00e9r\u00eats de la part de la communaut\u00e9 sp\u00e9l\u00e9ologique, \u00e0 part pour son emplacement id\u00e9al en mati\u00e8re d\u2019entrainement secours. Il est vrai que le cot\u00e9 boueux de l\u2019affaire et peu glamour, repousse le sp\u00e9l\u00e9ologue de salon qui h\u00e9site fortement \u00e0 se salir les bottes pr\u00e9f\u00e9rant ainsi d\u2019autres horizons. Mal connue et pourtant positionn\u00e9e strat\u00e9giquement, elle est explor\u00e9e pour partie dans les ann\u00e9es 50 et 80 mais s&rsquo;av\u00e8re \u00eatre une cavit\u00e9 \u00ab\u00a0<em>Viscieuse<\/em>\u00a0\u00bb et bien plus complexe qu\u2019il n\u2019y para\u00eet&nbsp;!<\/p>\n\n\n\n<p>Les colorants alimentaires inject\u00e9s en mars 2022 (<em>sulforhodamine B et fluoresc\u00e9ine<\/em>) dans le cadre de <strong>l\u2019Observatoire du Karst<\/strong> et en partenariat avec le <strong>service hydrog\u00e9ologie du CD34<\/strong>, avaient fini leurs courses \u00e0 l&rsquo;\u00e9mergence de<strong> <a href=\"https:\/\/larzacexploceladon.fr\/index.php\/portofolio\/\">Gourneyras<\/a><\/strong>, dans la vall\u00e9e de la Vis, mettant ainsi \u00e0 mal (<em>temporairement\u00a0!<\/em>) les r\u00e9sultats de la<strong> coloration de 1966.<\/strong> R\u00e9alis\u00e9e par le regrett\u00e9 et \u00e9minent <strong>Henri Paloc<\/strong>, ce tra\u00e7age \u00ab\u00a0<em>historique\u00a0<\/em>\u00bb prouvait la connexion avec le <strong>cirque de Gourgas <\/strong>(St Etienne de Gourgas) et le r\u00e9seau de la <strong><a href=\"https:\/\/larzacexploceladon.fr\/lizmap\/index.php\/view\/media\/getMedia?repository=cavites&amp;project=cavites&amp;path=media%2Ftopo_pdf%2FBanquier+FINAL.pdf\">grotte du Banquier<\/a> <\/strong>situ\u00e9 \u00e0 l&rsquo;oppos\u00e9 de la source de Gourneyras . Des r\u00e9sultats bien trop diff\u00e9rents qui allaient pousser notre enqu\u00eate encore plus loin\u2026<\/p>\n\n\n<div class=\"wp-block-image\">\n<figure class=\"alignleft size-large is-resized\"><img loading=\"lazy\" decoding=\"async\" src=\"https:\/\/larzacexploceladon.fr\/wp-content\/uploads\/2023\/02\/injection-fluo-1024x462.jpg\" alt=\"\" class=\"wp-image-7012\" width=\"534\" height=\"240\" srcset=\"https:\/\/larzacexploceladon.fr\/wp-content\/uploads\/2023\/02\/injection-fluo-1024x462.jpg 1024w, https:\/\/larzacexploceladon.fr\/wp-content\/uploads\/2023\/02\/injection-fluo-300x135.jpg 300w, https:\/\/larzacexploceladon.fr\/wp-content\/uploads\/2023\/02\/injection-fluo-768x346.jpg 768w, https:\/\/larzacexploceladon.fr\/wp-content\/uploads\/2023\/02\/injection-fluo-599x270.jpg 599w, https:\/\/larzacexploceladon.fr\/wp-content\/uploads\/2023\/02\/injection-fluo-1038x469.jpg 1038w, https:\/\/larzacexploceladon.fr\/wp-content\/uploads\/2023\/02\/injection-fluo.jpg 1040w\" sizes=\"auto, (max-width: 534px) 100vw, 534px\" \/><figcaption class=\"wp-element-caption\"><strong><em>Injection de la fluoresc\u00e9ine le 4 d\u00e9cembre 2022 &#8211; Cr\u00e9dit : J.Camplo<\/em><\/strong><\/figcaption><\/figure>\n<\/div>\n\n\n<p>Nous ne sommes pas de nature \u00e0 baisser les bras mais plut\u00f4t \u00e0 essayer de se rapprocher d&rsquo;une certaine v\u00e9rit\u00e9, quitte \u00e0 balayer toutes les certitudes. Nous avions promis de revenir pour comprendre et \u00e9claircir le myst\u00e8re&nbsp;!!! L\u2019eau est une richesse qui ne peut pas attendre&nbsp;! Nous avons donc recommenc\u00e9 l&rsquo;exp\u00e9rience dans les m\u00eames conditions et au m\u00eame endroit qu&rsquo;en 1966. <strong>Le 4 d\u00e9cembre dernier<\/strong>, 7 kg de fluoresc\u00e9ine ont \u00e9t\u00e9 inject\u00e9 dans<strong> le puits Gravagne <\/strong>\u00e0 la profondeur de &#8211; 122 m, \u00e0 l\u2019endroit m\u00eame o\u00f9 la premi\u00e8re exp\u00e9rience avait eu lieu 57 ans plus t\u00f4t.&nbsp;<\/p>\n\n\n\n<figure class=\"wp-block-gallery has-nested-images columns-default is-cropped wp-block-gallery-1 is-layout-flex wp-block-gallery-is-layout-flex\">\n<figure class=\"wp-block-image size-large\"><img loading=\"lazy\" decoding=\"async\" width=\"1024\" height=\"462\" data-id=\"7013\" src=\"https:\/\/larzacexploceladon.fr\/wp-content\/uploads\/2023\/02\/injection-1024x462.jpg\" alt=\"\" class=\"wp-image-7013\" srcset=\"https:\/\/larzacexploceladon.fr\/wp-content\/uploads\/2023\/02\/injection-1024x462.jpg 1024w, https:\/\/larzacexploceladon.fr\/wp-content\/uploads\/2023\/02\/injection-300x135.jpg 300w, https:\/\/larzacexploceladon.fr\/wp-content\/uploads\/2023\/02\/injection-768x346.jpg 768w, https:\/\/larzacexploceladon.fr\/wp-content\/uploads\/2023\/02\/injection-599x270.jpg 599w, https:\/\/larzacexploceladon.fr\/wp-content\/uploads\/2023\/02\/injection-1038x469.jpg 1038w, https:\/\/larzacexploceladon.fr\/wp-content\/uploads\/2023\/02\/injection.jpg 1040w\" sizes=\"auto, (max-width: 1024px) 100vw, 1024px\" \/><figcaption class=\"wp-element-caption\"><strong><em>La fluoresc\u00e9ine en route vers la Vis et Gourgas ! &#8211; cr\u00e9dit :  J.Camplo<\/em><\/strong><\/figcaption><\/figure>\n<\/figure>\n\n\n\n<p>La g\u00e9ologie est un art complexe et l\u2019hydrog\u00e9ologie encore plus&nbsp;! Les r\u00e9sultats du laboratoire viennent de tomber et confirment de fa\u00e7on irr\u00e9futable que <strong>\u00ab\u00a0l\u2019aven du Cochon est un agent double&nbsp;!<\/strong>\u00ab\u00a0<\/p>\n\n\n<div class=\"wp-block-image\">\n<figure class=\"alignleft size-full is-resized\"><a href=\"https:\/\/larzacexploceladon.fr\/wp-content\/uploads\/2023\/02\/image001.png\"><img loading=\"lazy\" decoding=\"async\" src=\"https:\/\/larzacexploceladon.fr\/wp-content\/uploads\/2023\/02\/image001.png\" alt=\"\" class=\"wp-image-7014\" width=\"412\" height=\"269\" srcset=\"https:\/\/larzacexploceladon.fr\/wp-content\/uploads\/2023\/02\/image001.png 976w, https:\/\/larzacexploceladon.fr\/wp-content\/uploads\/2023\/02\/image001-300x196.png 300w, https:\/\/larzacexploceladon.fr\/wp-content\/uploads\/2023\/02\/image001-768x502.png 768w, https:\/\/larzacexploceladon.fr\/wp-content\/uploads\/2023\/02\/image001-413x270.png 413w\" sizes=\"auto, (max-width: 412px) 100vw, 412px\" \/><\/a><figcaption class=\"wp-element-caption\"><strong><em>Courbe de restitution \u00e0 la source de Gourneyras (Vall\u00e9e de la Vis) &#8211; cr\u00e9dit : N.Li\u00e9nart<\/em><\/strong><\/figcaption><\/figure>\n<\/div>\n\n\n<p>Outre le fait que le colorant fasse \u00e0 nouveau son apparition \u00e0 <strong>Gourneyras (St Maurice-Navacelles) <\/strong>en parcourant (en un temps record de <strong>15 jours<\/strong>) les <strong>10.5km <\/strong>de distance, il r\u00e9surge \u00e9galement aux <strong>sources de l\u2019Avocat, de la Berg\u00e8re et de la Bronzinadou\u00efre <\/strong>situ\u00e9es sur la commune de <strong>St \u00c9tienne de Gourgas (4.5km)<\/strong>. Une diagonale Sud\/Ouest-Nord\/Est de 14.5 km qui relie un des affluents de la<strong> Lergue<\/strong> (La Br\u00e8ze) \u00e0 la <strong>vall\u00e9e de la Vis<\/strong> par les eaux souterraines. Paloc avait donc raison\u2026et nous on se gratte la t\u00eate encore plus !<\/p>\n\n\n<div class=\"wp-block-image\">\n<figure class=\"alignright size-full is-resized\"><a href=\"https:\/\/larzacexploceladon.fr\/wp-content\/uploads\/2023\/02\/image007.png\"><img loading=\"lazy\" decoding=\"async\" src=\"https:\/\/larzacexploceladon.fr\/wp-content\/uploads\/2023\/02\/image007.png\" alt=\"\" class=\"wp-image-7015\" width=\"447\" height=\"292\" srcset=\"https:\/\/larzacexploceladon.fr\/wp-content\/uploads\/2023\/02\/image007.png 976w, https:\/\/larzacexploceladon.fr\/wp-content\/uploads\/2023\/02\/image007-300x196.png 300w, https:\/\/larzacexploceladon.fr\/wp-content\/uploads\/2023\/02\/image007-768x502.png 768w, https:\/\/larzacexploceladon.fr\/wp-content\/uploads\/2023\/02\/image007-413x270.png 413w\" sizes=\"auto, (max-width: 447px) 100vw, 447px\" \/><\/a><figcaption class=\"wp-element-caption\"><strong><em>Courbe de restitution \u00e0 la source de Berg\u00e8re\/Avocat (Gourgas) &#8211; cr\u00e9dit : N.Li\u00e9nart<\/em><\/strong><\/figcaption><\/figure>\n<\/div>\n\n\n<p><strong><u>A quoi \u00e7a sert concr\u00e8tement&nbsp;?<\/u><\/strong><\/p>\n\n\n<div class=\"wp-block-image\">\n<figure class=\"alignleft size-full is-resized\"><a href=\"https:\/\/larzacexploceladon.fr\/wp-content\/uploads\/2023\/02\/image003-1.png\"><img loading=\"lazy\" decoding=\"async\" src=\"https:\/\/larzacexploceladon.fr\/wp-content\/uploads\/2023\/02\/image003-1.png\" alt=\"\" class=\"wp-image-7017\" width=\"426\" height=\"278\" srcset=\"https:\/\/larzacexploceladon.fr\/wp-content\/uploads\/2023\/02\/image003-1.png 976w, https:\/\/larzacexploceladon.fr\/wp-content\/uploads\/2023\/02\/image003-1-300x196.png 300w, https:\/\/larzacexploceladon.fr\/wp-content\/uploads\/2023\/02\/image003-1-768x502.png 768w, https:\/\/larzacexploceladon.fr\/wp-content\/uploads\/2023\/02\/image003-1-413x270.png 413w\" sizes=\"auto, (max-width: 426px) 100vw, 426px\" \/><\/a><figcaption class=\"wp-element-caption\"><strong><em>Courbe de restitution \u00e0 la source de la Bronzinadou\u00efre (Gourgas) &#8211; cr\u00e9dit : N.Li\u00e9nart<\/em><\/strong><\/figcaption><\/figure>\n<\/div>\n\n\n<p>Ce n\u2019est pas \u00e0 nous de faire des propositions en mati\u00e8re de gestion territoriale, nous ne sommes que des observateurs du monde souterrain. Ce qui est certain, c\u2019est que le changement de vision en mati\u00e8re de gestion de l&rsquo;eau et d\u2019am\u00e9nagement poss\u00e8de l\u00e0 une preuve irr\u00e9futable que le milieu souterrain y joue un r\u00f4le majeur&nbsp;! Les tra\u00e7ages servent \u00e0 cela. Ils servent \u00e0 comprendre comment \u00e7a marche ! Les rivi\u00e8res ou les sources que nous connaissons ne sont pas uniquement une partie visible et a\u00e9rienne mais bien un syst\u00e8me complexe, fragile et m\u00e9connu qui m\u00e9rite qu\u2019on s\u2019y attarde afin de pr\u00e9server, comprendre et prot\u00e9ger la ressource. <\/p>\n\n\n\n<p>La vall\u00e9e de la Vis et celle de la Lergue ont <strong>un point d\u2019entr\u00e9e commun<\/strong> par l\u2019aven du Cochon qui laisse pr\u00e9sager un immense r\u00e9seau inconnu dont <strong>la source de Gourneyras et la grotte du Banquier<\/strong> sont les exutoires. L\u2019avenir dira si cet \u00ab\u00a0<em>agent double<\/em>\u00a0\u00bb nous laisse explorer un peu plus ses recoins pour venir apporter quelques r\u00e9ponses suppl\u00e9mentaires aux interrogations qui nous animent\u2026 R\u00e9soudre peut \u00eatre l&rsquo;\u00e9nigme de ce double r\u00e9seau potentiel ! <\/p>\n\n\n<div class=\"wp-block-image\">\n<figure class=\"aligncenter size-large\"><a href=\"https:\/\/larzacexploceladon.fr\/wp-content\/uploads\/2023\/02\/carte-tracages.jpg\"><img loading=\"lazy\" decoding=\"async\" width=\"1024\" height=\"661\" src=\"https:\/\/larzacexploceladon.fr\/wp-content\/uploads\/2023\/02\/carte-tracages-1024x661.jpg\" alt=\"\" class=\"wp-image-7024\" srcset=\"https:\/\/larzacexploceladon.fr\/wp-content\/uploads\/2023\/02\/carte-tracages-1024x661.jpg 1024w, https:\/\/larzacexploceladon.fr\/wp-content\/uploads\/2023\/02\/carte-tracages-300x194.jpg 300w, https:\/\/larzacexploceladon.fr\/wp-content\/uploads\/2023\/02\/carte-tracages-768x496.jpg 768w, https:\/\/larzacexploceladon.fr\/wp-content\/uploads\/2023\/02\/carte-tracages-418x270.jpg 418w, https:\/\/larzacexploceladon.fr\/wp-content\/uploads\/2023\/02\/carte-tracages.jpg 1276w\" sizes=\"auto, (max-width: 1024px) 100vw, 1024px\" \/><\/a><\/figure>\n<\/div>\n\n\n<p>C\u2019est \u00e0 cela que sert le travail de <strong>Larzac Explo et de C\u00e9ladon<\/strong>. Au travers de cette formidable dynamique, il  permet quelques avanc\u00e9es in\u00e9dites sous ce grand plateau calcaire qui ne finit pas de nous surprendre et qui d\u00e9voile encore quelques secrets malgr\u00e9 le travail men\u00e9 par les sp\u00e9l\u00e9ologues d&rsquo;investigation depuis plus de 130 ans. Nous apportons modestement notre contribution avec l\u2019aide des services de la <strong>Communaut\u00e9 de Communes Lod\u00e9vois et Larzac <\/strong>et du <strong>CD 34<\/strong> afin de permettre aux am\u00e9nagistes territoriaux de demain de mettre l\u2019eau et le monde souterrain au c\u0153ur des d\u00e9bats.<\/p>\n\n\n<div class=\"wp-block-image\">\n<figure class=\"aligncenter size-full is-resized\"><img loading=\"lazy\" decoding=\"async\" src=\"https:\/\/larzacexploceladon.fr\/wp-content\/uploads\/2023\/02\/Cochon-1955-2-rotated.jpg\" alt=\"\" class=\"wp-image-7019\" width=\"563\" height=\"381\" srcset=\"https:\/\/larzacexploceladon.fr\/wp-content\/uploads\/2023\/02\/Cochon-1955-2-rotated.jpg 928w, https:\/\/larzacexploceladon.fr\/wp-content\/uploads\/2023\/02\/Cochon-1955-2-300x203.jpg 300w, https:\/\/larzacexploceladon.fr\/wp-content\/uploads\/2023\/02\/Cochon-1955-2-768x521.jpg 768w, https:\/\/larzacexploceladon.fr\/wp-content\/uploads\/2023\/02\/Cochon-1955-2-398x270.jpg 398w\" sizes=\"auto, (max-width: 563px) 100vw, 563px\" \/><figcaption class=\"wp-element-caption\"><strong><em>Les associations Larzac Explo et C\u00e9ladon d\u00e9dient ces r\u00e9sultats \u00e0 Henri Paloc, G\u00e9rard Gravagne, Henri Camplo, Ren\u00e9 Roux et Ren\u00e9 Nourrit qui ont particip\u00e9 aux exp\u00e9riences de 1963 et 1966.&nbsp;&nbsp;<\/em><\/strong><\/figcaption><\/figure>\n<\/div>\n\n\n<p><\/p>\n","protected":false},"excerpt":{"rendered":"<p>L\u2019aven du Cochon est un \u00ab\u00a0agent double&nbsp;!\u00a0\u00bb C&rsquo;est un nouveau rebondissement dans l\u2019enqu\u00eate sur l&rsquo;aven du Cochon qui vient de se d\u00e9rouler en ce d\u00e9but d\u2019ann\u00e9e 2023. Cette cavit\u00e9 fait \u00e0 nouveau parler d&rsquo;elle et nous am\u00e8ne sur une particularit\u00e9 g\u00e9ologique sans pr\u00e9c\u00e9dent sous le Larzac M\u00e9ridional. Une le\u00e7on d\u2019hydrog\u00e9ologie qui fini d\u2019enterrer tous les sceptiques et les mauvaises langues&nbsp;! L\u2019enqu\u00eate continue et la vision du territoire change&#8230; Souvenez-vous, en mars 2022 nous d\u00e9voilions les r\u00e9sultats in\u00e9dits du tra\u00e7age des&#8230;<\/p>\n<p class=\"read-more\"><a class=\"btn btn-default\" href=\"https:\/\/larzacexploceladon.fr\/index.php\/2023\/02\/17\/la-vis-et-la-lergue-reliees-par-les-eaux-souterraines\/\">Lire la suite<span class=\"screen-reader-text\"> Lire la suite<\/span><\/a><\/p>\n","protected":false},"author":2,"featured_media":0,"comment_status":"open","ping_status":"open","sticky":false,"template":"","format":"standard","meta":{"footnotes":""},"categories":[1],"tags":[],"class_list":["post-7007","post","type-post","status-publish","format-standard","hentry","category-non-classe"],"_links":{"self":[{"href":"https:\/\/larzacexploceladon.fr\/index.php\/wp-json\/wp\/v2\/posts\/7007","targetHints":{"allow":["GET"]}}],"collection":[{"href":"https:\/\/larzacexploceladon.fr\/index.php\/wp-json\/wp\/v2\/posts"}],"about":[{"href":"https:\/\/larzacexploceladon.fr\/index.php\/wp-json\/wp\/v2\/types\/post"}],"author":[{"embeddable":true,"href":"https:\/\/larzacexploceladon.fr\/index.php\/wp-json\/wp\/v2\/users\/2"}],"replies":[{"embeddable":true,"href":"https:\/\/larzacexploceladon.fr\/index.php\/wp-json\/wp\/v2\/comments?post=7007"}],"version-history":[{"count":12,"href":"https:\/\/larzacexploceladon.fr\/index.php\/wp-json\/wp\/v2\/posts\/7007\/revisions"}],"predecessor-version":[{"id":7035,"href":"https:\/\/larzacexploceladon.fr\/index.php\/wp-json\/wp\/v2\/posts\/7007\/revisions\/7035"}],"wp:attachment":[{"href":"https:\/\/larzacexploceladon.fr\/index.php\/wp-json\/wp\/v2\/media?parent=7007"}],"wp:term":[{"taxonomy":"category","embeddable":true,"href":"https:\/\/larzacexploceladon.fr\/index.php\/wp-json\/wp\/v2\/categories?post=7007"},{"taxonomy":"post_tag","embeddable":true,"href":"https:\/\/larzacexploceladon.fr\/index.php\/wp-json\/wp\/v2\/tags?post=7007"}],"curies":[{"name":"wp","href":"https:\/\/api.w.org\/{rel}","templated":true}]}}